{"id":1809,"date":"2014-09-12T19:09:14","date_gmt":"2014-09-12T17:09:14","guid":{"rendered":"http:\/\/www.hochzeitsfotograf-saalfeld.de\/blog\/?p=1809"},"modified":"2014-11-12T12:24:31","modified_gmt":"2014-11-12T10:24:31","slug":"hochzeit-auf-schloss-brandenstein","status":"publish","type":"post","link":"http:\/\/www.hochzeitsfotograf-saalfeld.de\/blog\/hochzeit-auf-schloss-brandenstein","title":{"rendered":"Hochzeit auf Schloss Brandenstein"},"content":{"rendered":"<p>Hochzeit auf Schloss Brandenstein &#8211; Jede Hochzeit ist f\u00fcr mich immer etwas ganz besonderes und ich freue mich auf meine Paare, auf die G\u00e4ste und die tollen \u00dcberraschungen. An den Tag mit Friederike und Sebastian im Juli diesen Jahres auf Schloss Brandenstein werde ich mich noch sehr lange erinnern. Im Dezember kam es zu einem ersten Vorgespr\u00e4ch. Schon damals merkte man den Beiden die Vorfreude an. Sebastian war dann im Fr\u00fchjahr zu einem Workshop bei mir und Friederike \u00fcberraschte Ihren Sebastian am Tag nach der Hochzeit mit sch\u00f6nen Bildern von sich, ebenfalls ein paar Wochen vorher mit mir im Studio fotografiert.<br \/>\nAm Tag der Hochzeit begann die Reportage mit dem Getting Ready in der gemeinsamen Wohnung. Zusammen mit Friederikes Freundin Carolin und ihrer Mutter war es ein wunderbarer Vormittag mit schon ein und der anderen Tr\u00e4ne im Auge. Sebastian musste schon am Vorabend ausziehen, nutzte aber gleich die Gelegenheit und verbrachte zusammen mit seinem Bruder Robert und seinem Freund Marco die Nacht in dessen Haus und feierte schon ein wenig vor. Wie es beim Anziehen von M\u00e4nnern meistens der Fall ist, es wurde improvisiert. Sogar eine App zum Krawatte binden musste herhalten. Einfach herrlich diese Bilder\u2026.<br \/>\nZur\u00fcck bei Friederike war dann schon die Anspannung zu sp\u00fcren und als der Papa dann klingelte war es einfach nur noch G\u00e4nsehaut&#8230;<br \/>\nAnschlie\u00dfend ging es in Richtung Ranis.\u00a0Gefahren\u00a0wurde die Braut in einem alten Jaguar. Auf dem Parkplatz vor der Burg Ranis dann die n\u00e4chste \u00dcberraschung. Ab hier ging es in einem 86 Jahre altem Chevrolet weiter bis auf Schloss Brandenstein. Im wundersch\u00f6nen kleinem Standesamt erlebten die G\u00e4ste eine sehr emotionale Trauung. Am angrenzenden Bisongehege entstanden anschlie\u00dfend die Portraits von den Beiden. Zur\u00fcck im Schloss ging es dann zum Kaffee trinken. Der traumhaft dekorierte Raum brachte viele G\u00e4ste erstmal zum staunen und jedes T\u00f6rtchen war eine Kreation. Eine gro\u00dfe \u00dcberraschung war die Gl\u00fcckwunscheinlage der kleinen Faschingsm\u00e4use aus Leutenberg. Extra f\u00fcr ihre Friederike kamen sie nach Ranis und f\u00fchrten einen super Tanz auf. Am Abend verabschiedete ich mich dann von Friederike und Sebastian und beide feierten zusammen mit vielen G\u00e4sten noch lange bis in die Nacht hinein.<\/p>\n<p>Catering:\u00a0<a href=\"http:\/\/www.sinneslust-catering.de\" target=\"_blank\">Sinneslust Catering<\/a><\/p>\n<p>Kuchenbuffet:\u00a0<a href=\"http:\/\/www.herzgebaeck.de\" target=\"_blank\">Herzgeb\u00e4ck<\/a><\/p>\n<p>Location: <a href=\"http:\/\/www.schloss-brandenstein.de\" target=\"_blank\">Schloss Brandenstein Ranis<\/a><\/p>\n<p>&nbsp;<\/p>\n<p>&nbsp;<\/p>\n<p>&nbsp;<\/p>\n<p><img loading=\"lazy\" class=\"pp-insert-all aligncenter\" src=\"http:\/\/www.hochzeitsfotograf-saalfeld.de\/blog\/wp-content\/uploads\/2014\/09\/Hochzeit-Schloss-Brandenstein-01.jpg\" alt=\"Brautkleid im Spiegel\" width=\"533\" height=\"800\" \/><img loading=\"lazy\" class=\"pp-insert-all size-full aligncenter\" src=\"http:\/\/www.hochzeitsfotograf-saalfeld.de\/blog\/wp-content\/uploads\/2014\/09\/Hochzeit-Schloss-Brandenstein-02.jpg\" alt=\"MakeUp der Braut\" width=\"1200\" height=\"800\" \/><img loading=\"lazy\" class=\"pp-insert-all size-full aligncenter\" src=\"http:\/\/www.hochzeitsfotograf-saalfeld.de\/blog\/wp-content\/uploads\/2014\/09\/Hochzeit-Schloss-Brandenstein-03.jpg\" alt=\"Braut beim Haare frisieren\" width=\"1200\" height=\"800\" \/><img loading=\"lazy\" class=\"pp-insert-all size-full aligncenter\" src=\"http:\/\/www.hochzeitsfotograf-saalfeld.de\/blog\/wp-content\/uploads\/2014\/09\/Hochzeit-Schloss-Brandenstein-04.jpg\" alt=\"Wohnung Gr\u00fcne Mitte Saalfeld\" width=\"1200\" height=\"800\" \/><img loading=\"lazy\" class=\"pp-insert-all size-full aligncenter\" src=\"http:\/\/www.hochzeitsfotograf-saalfeld.de\/blog\/wp-content\/uploads\/2014\/09\/Hochzeit-Schloss-Brandenstein-05.jpg\" alt=\"Braut mit Pantoffeln\" width=\"1200\" height=\"800\" \/><img loading=\"lazy\" class=\"pp-insert-all size-full aligncenter\" src=\"http:\/\/www.hochzeitsfotograf-saalfeld.de\/blog\/wp-content\/uploads\/2014\/09\/Hochzeit-Schloss-Brandenstein-06.jpg\" alt=\"Braut mit Lippenstift\" width=\"1200\" height=\"800\" \/><img loading=\"lazy\" class=\"pp-insert-all size-full aligncenter\" src=\"http:\/\/www.hochzeitsfotograf-saalfeld.de\/blog\/wp-content\/uploads\/2014\/09\/Hochzeit-Schloss-Brandenstein-07.jpg\" alt=\"get ready in Saalfeld\" width=\"1200\" height=\"800\" \/><img loading=\"lazy\" class=\"pp-insert-all size-full aligncenter\" src=\"http:\/\/www.hochzeitsfotograf-saalfeld.de\/blog\/wp-content\/uploads\/2014\/09\/Hochzeit-Schloss-Brandenstein-08.jpg\" alt=\"Hochzeitsanzug\" width=\"533\" height=\"800\" \/><img loading=\"lazy\" class=\"pp-insert-all size-full aligncenter\" src=\"http:\/\/www.hochzeitsfotograf-saalfeld.de\/blog\/wp-content\/uploads\/2014\/09\/Hochzeit-Schloss-Brandenstein-09.jpg\" alt=\"Anziehen des Ehemannes\" width=\"1200\" height=\"800\" \/><img loading=\"lazy\" class=\"pp-insert-all size-full aligncenter\" src=\"http:\/\/www.hochzeitsfotograf-saalfeld.de\/blog\/wp-content\/uploads\/2014\/09\/Hochzeit-Schloss-Brandenstein-10.jpg\" alt=\"Br\u00e4utigam mit G\u00fcrtel\" width=\"1200\" height=\"800\" \/><img loading=\"lazy\" class=\"pp-insert-all size-full aligncenter\" src=\"http:\/\/www.hochzeitsfotograf-saalfeld.de\/blog\/wp-content\/uploads\/2014\/09\/Hochzeit-Schloss-Brandenstein-11.jpg\" alt=\"M\u00e4nner beim Ankleiden\" width=\"1200\" height=\"800\" \/><img loading=\"lazy\" class=\"pp-insert-all size-full aligncenter\" src=\"http:\/\/www.hochzeitsfotograf-saalfeld.de\/blog\/wp-content\/uploads\/2014\/09\/Hochzeit-Schloss-Brandenstein-12.jpg\" alt=\"Krawatte mit App\" width=\"1200\" height=\"800\" \/><img loading=\"lazy\" class=\"pp-insert-all size-full aligncenter\" src=\"http:\/\/www.hochzeitsfotograf-saalfeld.de\/blog\/wp-content\/uploads\/2014\/09\/Hochzeit-Schloss-Brandenstein-13.jpg\" alt=\"Bruder mit Br\u00e4utigam\" width=\"1200\" height=\"800\" \/><img loading=\"lazy\" class=\"pp-insert-all size-full aligncenter\" src=\"http:\/\/www.hochzeitsfotograf-saalfeld.de\/blog\/wp-content\/uploads\/2014\/09\/Hochzeit-Schloss-Brandenstein-14.jpg\" alt=\"Br\u00e4utigam beim Schuhe anziehen\" width=\"533\" height=\"800\" \/><img loading=\"lazy\" class=\"pp-insert-all size-full aligncenter\" src=\"http:\/\/www.hochzeitsfotograf-saalfeld.de\/blog\/wp-content\/uploads\/2014\/09\/Hochzeit-Schloss-Brandenstein-15.jpg\" alt=\"Hochzeitsvorbereitung\" width=\"533\" height=\"800\" \/><img loading=\"lazy\" class=\"pp-insert-all size-full aligncenter\" src=\"http:\/\/www.hochzeitsfotograf-saalfeld.de\/blog\/wp-content\/uploads\/2014\/09\/Hochzeit-Schloss-Brandenstein-16.jpg\" alt=\"Braut im Spiegelbild\" width=\"533\" height=\"800\" \/><img loading=\"lazy\" class=\"pp-insert-all size-full aligncenter\" src=\"http:\/\/www.hochzeitsfotograf-saalfeld.de\/blog\/wp-content\/uploads\/2014\/09\/Hochzeit-Schloss-Brandenstein-17.jpg\" alt=\"Braut mit Brautkleid\" width=\"533\" height=\"800\" \/><img loading=\"lazy\" class=\"pp-insert-all size-full aligncenter\" src=\"http:\/\/www.hochzeitsfotograf-saalfeld.de\/blog\/wp-content\/uploads\/2014\/09\/Hochzeit-Schloss-Brandenstein-18.jpg\" alt=\"Braut mit Zettel\" width=\"1200\" height=\"800\" \/><img loading=\"lazy\" class=\"pp-insert-all size-full aligncenter\" src=\"http:\/\/www.hochzeitsfotograf-saalfeld.de\/blog\/wp-content\/uploads\/2014\/09\/Hochzeit-Schloss-Brandenstein-19.jpg\" alt=\"Brautportrait\" width=\"533\" height=\"800\" \/><img loading=\"lazy\" class=\"pp-insert-all size-full aligncenter\" src=\"http:\/\/www.hochzeitsfotograf-saalfeld.de\/blog\/wp-content\/uploads\/2014\/09\/Hochzeit-Schloss-Brandenstein-20.jpg\" alt=\"ansto\u00dfen mit Sekt\" width=\"1200\" height=\"800\" \/><img loading=\"lazy\" class=\"pp-insert-all size-full aligncenter\" src=\"http:\/\/www.hochzeitsfotograf-saalfeld.de\/blog\/wp-content\/uploads\/2014\/09\/Hochzeit-Schloss-Brandenstein-21.jpg\" alt=\"Vater und Braut\" width=\"1200\" height=\"800\" \/><img loading=\"lazy\" class=\"pp-insert-all size-full aligncenter\" src=\"http:\/\/www.hochzeitsfotograf-saalfeld.de\/blog\/wp-content\/uploads\/2014\/09\/Hochzeit-Schloss-Brandenstein-22.jpg\" alt=\"Hochzeitslimosine vor der gr\u00fcnen Mitte\" width=\"1200\" height=\"800\" \/><img loading=\"lazy\" class=\"pp-insert-all size-full aligncenter\" src=\"http:\/\/www.hochzeitsfotograf-saalfeld.de\/blog\/wp-content\/uploads\/2014\/09\/Hochzeit-Schloss-Brandenstein-23.jpg\" alt=\"weinende Braut\" width=\"1200\" height=\"800\" \/><img loading=\"lazy\" class=\"pp-insert-all size-full aligncenter\" src=\"http:\/\/www.hochzeitsfotograf-saalfeld.de\/blog\/wp-content\/uploads\/2014\/09\/Hochzeit-Schloss-Brandenstein-24.jpg\" alt=\"Braut im Jaguar\" width=\"1200\" height=\"800\" \/><img loading=\"lazy\" class=\"pp-insert-all size-full aligncenter\" title=\"Hochzeit Schloss Brandenstein 1\" src=\"http:\/\/www.hochzeitsfotograf-saalfeld.de\/blog\/wp-content\/uploads\/2014\/09\/Hochzeit-Brandenstein-1.jpg\" alt=\"Vater mit Braut\" width=\"1024\" height=\"1536\" \/><img loading=\"lazy\" class=\"pp-insert-all size-full aligncenter\" title=\"Hochzeit Schloss Brandenstein 2\" src=\"http:\/\/www.hochzeitsfotograf-saalfeld.de\/blog\/wp-content\/uploads\/2014\/09\/Hochzeit-Brandenstein-2.jpg\" alt=\"\u00dcbergabe der Braut\" width=\"2048\" height=\"1365\" \/><img loading=\"lazy\" class=\"pp-insert-all size-full aligncenter\" title=\"Hochzeit Schloss Brandenstein 3\" src=\"http:\/\/www.hochzeitsfotograf-saalfeld.de\/blog\/wp-content\/uploads\/2014\/09\/Hochzeit-Brandenstein-3.jpg\" alt=\"weinende Trauzeugin\" width=\"2048\" height=\"1365\" \/><img loading=\"lazy\" class=\"pp-insert-all size-full aligncenter\" title=\"Hochzeit Schloss Brandenstein 4\" src=\"http:\/\/www.hochzeitsfotograf-saalfeld.de\/blog\/wp-content\/uploads\/2014\/09\/Hochzeit-Brandenstein-4.jpg\" alt=\"Trausaal Schloss Brandenstein\" width=\"2048\" height=\"1365\" \/><img loading=\"lazy\" class=\"pp-insert-all size-full aligncenter\" title=\"Hochzeit Schloss Brandenstein 5\" src=\"http:\/\/www.hochzeitsfotograf-saalfeld.de\/blog\/wp-content\/uploads\/2014\/09\/Hochzeit-Brandenstein-5.jpg\" alt=\"Br\u00e4utigam im Trausaal\" width=\"2048\" height=\"1365\" \/><img loading=\"lazy\" class=\"pp-insert-all size-full aligncenter\" title=\"Hochzeit Schloss Brandenstein 6\" src=\"http:\/\/www.hochzeitsfotograf-saalfeld.de\/blog\/wp-content\/uploads\/2014\/09\/Hochzeit-Brandenstein-6.jpg\" alt=\"Gel\u00fcbde zur Hochzeit\" width=\"2048\" height=\"1365\" \/><img loading=\"lazy\" class=\"pp-insert-all size-full aligncenter\" title=\"Hochzeit Schloss Brandenstein 7\" src=\"http:\/\/www.hochzeitsfotograf-saalfeld.de\/blog\/wp-content\/uploads\/2014\/09\/Hochzeit-Brandenstein-7.jpg\" alt=\"wundersch\u00f6ne emotionale Trauzeugin\" width=\"2048\" height=\"1365\" \/><img loading=\"lazy\" class=\"pp-insert-all size-full aligncenter\" title=\"Hochzeit Schloss Brandenstein 8\" src=\"http:\/\/www.hochzeitsfotograf-saalfeld.de\/blog\/wp-content\/uploads\/2014\/09\/Hochzeit-Brandenstein-8.jpg\" alt=\"emotionaler Bruder\" width=\"2048\" height=\"1365\" \/><img loading=\"lazy\" class=\"pp-insert-all size-full aligncenter\" title=\"Hochzeit Schloss Brandenstein 9\" src=\"http:\/\/www.hochzeitsfotograf-saalfeld.de\/blog\/wp-content\/uploads\/2014\/09\/Hochzeit-Brandenstein-9.jpg\" alt=\"Ringtausch auf Schloss Brandenstein\" width=\"2048\" height=\"1365\" \/><img loading=\"lazy\" class=\"pp-insert-all size-full aligncenter\" title=\"Hochzeit Schloss Brandenstein 10\" src=\"http:\/\/www.hochzeitsfotograf-saalfeld.de\/blog\/wp-content\/uploads\/2014\/09\/Hochzeit-Brandenstein-10.jpg\" alt=\"Chauffeur zur Hochzeit\" width=\"1024\" height=\"1536\" \/><img loading=\"lazy\" class=\"pp-insert-all size-full aligncenter\" title=\"Hochzeit Schloss Brandenstein 11\" src=\"http:\/\/www.hochzeitsfotograf-saalfeld.de\/blog\/wp-content\/uploads\/2014\/09\/Hochzeit-Brandenstein-11.jpg\" alt=\"Mutter der Braut\" width=\"2048\" height=\"1365\" \/><img loading=\"lazy\" class=\"pp-insert-all size-full aligncenter\" title=\"Hochzeit Schloss Brandenstein 12\" src=\"http:\/\/www.hochzeitsfotograf-saalfeld.de\/blog\/wp-content\/uploads\/2014\/09\/Hochzeit-Brandenstein-12.jpg\" alt=\"Gratulation des Trauzeugen\" width=\"2048\" height=\"1365\" \/><img loading=\"lazy\" class=\"pp-insert-all size-full aligncenter\" title=\"Hochzeit Schloss Brandenstein 13\" src=\"http:\/\/www.hochzeitsfotograf-saalfeld.de\/blog\/wp-content\/uploads\/2014\/09\/Hochzeit-Brandenstein-13.jpg\" alt=\"Holzstamm mit Initialien\" width=\"2048\" height=\"1365\" \/><img loading=\"lazy\" class=\"pp-insert-all size-full aligncenter\" title=\"Hochzeit Schloss Brandenstein 14\" src=\"http:\/\/www.hochzeitsfotograf-saalfeld.de\/blog\/wp-content\/uploads\/2014\/09\/Hochzeit-Brandenstein-14.jpg\" alt=\"jubelnde Braut\" width=\"2048\" height=\"1365\" \/><img loading=\"lazy\" class=\"pp-insert-all size-full aligncenter\" title=\"Hochzeit Schloss Brandenstein 15\" src=\"http:\/\/www.hochzeitsfotograf-saalfeld.de\/blog\/wp-content\/uploads\/2014\/09\/Hochzeit-Brandenstein-15.jpg\" alt=\"Zylinder im Fenster\" width=\"2048\" height=\"1365\" \/><img loading=\"lazy\" class=\"pp-insert-all size-full aligncenter\" title=\"Hochzeit Schloss Brandenstein 16\" src=\"http:\/\/www.hochzeitsfotograf-saalfeld.de\/blog\/wp-content\/uploads\/2014\/09\/Hochzeit-Brandenstein-16.jpg\" alt=\"Braut im Spiegel\" width=\"1024\" height=\"1536\" \/><img loading=\"lazy\" class=\"pp-insert-all size-full aligncenter\" title=\"Hochzeit Schloss Brandenstein 17\" src=\"http:\/\/www.hochzeitsfotograf-saalfeld.de\/blog\/wp-content\/uploads\/2014\/09\/Hochzeit-Brandenstein-17.jpg\" alt=\"Catering\" width=\"2048\" height=\"1365\" \/><img loading=\"lazy\" class=\"pp-insert-all size-full aligncenter\" title=\"Hochzeit Schloss Brandenstein 18\" src=\"http:\/\/www.hochzeitsfotograf-saalfeld.de\/blog\/wp-content\/uploads\/2014\/09\/Hochzeit-Brandenstein-18.jpg\" alt=\"Oldtimer Chevrolet bei P\u00f6\u00dfneck\" width=\"2048\" height=\"1365\" \/><img loading=\"lazy\" class=\"pp-insert-all size-full aligncenter\" title=\"Hochzeit Schloss Brandenstein 19\" src=\"http:\/\/www.hochzeitsfotograf-saalfeld.de\/blog\/wp-content\/uploads\/2014\/09\/Hochzeit-Brandenstein-19.jpg\" alt=\"Hochzeitspaar im Oldtimer\" width=\"2048\" height=\"1365\" \/><img loading=\"lazy\" class=\"pp-insert-all size-full aligncenter\" title=\"Hochzeit Schloss Brandenstein 20\" src=\"http:\/\/www.hochzeitsfotograf-saalfeld.de\/blog\/wp-content\/uploads\/2014\/09\/Hochzeit-Brandenstein-20.jpg\" alt=\"Ausfahrt mit Oldtimer\" width=\"2048\" height=\"1365\" \/><img loading=\"lazy\" class=\"pp-insert-all size-full aligncenter\" title=\"Hochzeit Schloss Brandenstein 21\" src=\"http:\/\/www.hochzeitsfotograf-saalfeld.de\/blog\/wp-content\/uploads\/2014\/09\/Hochzeit-Brandenstein-21.jpg\" alt=\"Hochzeitsportrait im Wald\" width=\"2048\" height=\"1365\" \/><img loading=\"lazy\" class=\"pp-insert-all size-full aligncenter\" title=\"Hochzeit Schloss Brandenstein 22\" src=\"http:\/\/www.hochzeitsfotograf-saalfeld.de\/blog\/wp-content\/uploads\/2014\/09\/Hochzeit-Brandenstein-22.jpg\" alt=\"Hochzeitsportrait im Wald\" width=\"2048\" height=\"1365\" \/><img loading=\"lazy\" class=\"pp-insert-all size-full aligncenter\" title=\"Hochzeit Schloss Brandenstein 23\" src=\"http:\/\/www.hochzeitsfotograf-saalfeld.de\/blog\/wp-content\/uploads\/2014\/09\/Hochzeit-Brandenstein-23.jpg\" alt=\"Braut und Br\u00e4utigam\" width=\"2048\" height=\"1365\" \/><img loading=\"lazy\" class=\"pp-insert-all size-full aligncenter\" title=\"Hochzeit Schloss Brandenstein 24\" src=\"http:\/\/www.hochzeitsfotograf-saalfeld.de\/blog\/wp-content\/uploads\/2014\/09\/Hochzeit-Brandenstein-24.jpg\" alt=\"Hochzeitsportrait mit Spazierg\u00e4nger\" width=\"2048\" height=\"1365\" \/><img loading=\"lazy\" class=\"pp-insert-all size-full aligncenter\" title=\"Hochzeit Schloss Brandenstein 25\" src=\"http:\/\/www.hochzeitsfotograf-saalfeld.de\/blog\/wp-content\/uploads\/2014\/09\/Hochzeit-Brandenstein-25.jpg\" alt=\"Spaziergang bei Ranis\" width=\"2048\" height=\"1365\" \/><img loading=\"lazy\" class=\"pp-insert-all size-full aligncenter\" title=\"Hochzeit Brandenstein Brandenstein 26\" src=\"http:\/\/www.hochzeitsfotograf-saalfeld.de\/blog\/wp-content\/uploads\/2014\/09\/Hochzeit-Brandenstein-26.jpg\" alt=\"Brautportrait\" width=\"2048\" height=\"1365\" \/><img loading=\"lazy\" class=\"pp-insert-all size-full aligncenter\" title=\"Hochzeit Schloss Brandenstein 27\" src=\"http:\/\/www.hochzeitsfotograf-saalfeld.de\/blog\/wp-content\/uploads\/2014\/09\/Hochzeit-Brandenstein-27.jpg\" alt=\"Brautpaar auf der Bank\" width=\"2048\" height=\"1365\" \/><img loading=\"lazy\" class=\"pp-insert-all size-full aligncenter\" title=\"Hochzeit Schloss Brandenstein 28\" src=\"http:\/\/www.hochzeitsfotograf-saalfeld.de\/blog\/wp-content\/uploads\/2014\/09\/Hochzeit-Brandenstein-28.jpg\" alt=\"Zweisamkeit\" width=\"2048\" height=\"1365\" \/><img loading=\"lazy\" class=\"pp-insert-all size-full aligncenter\" title=\"Hochzeit  Schloss Brandenstein 29\" src=\"http:\/\/www.hochzeitsfotograf-saalfeld.de\/blog\/wp-content\/uploads\/2014\/09\/Hochzeit-Brandenstein-29.jpg\" alt=\"Brautpaar auf der Br\u00fccke\" width=\"2048\" height=\"1365\" \/><img loading=\"lazy\" class=\"pp-insert-all size-full aligncenter\" title=\"Hochzeit Schloss Brandenstein 30\" src=\"http:\/\/www.hochzeitsfotograf-saalfeld.de\/blog\/wp-content\/uploads\/2014\/09\/Hochzeit-Brandenstein-30.jpg\" alt=\"Hochzeitsportrait bei Ranis\" width=\"1024\" height=\"1536\" \/><img loading=\"lazy\" class=\"pp-insert-all size-full aligncenter\" title=\"Hochzeit Schloss Brandenstein 31\" src=\"http:\/\/www.hochzeitsfotograf-saalfeld.de\/blog\/wp-content\/uploads\/2014\/09\/Hochzeit-Brandenstein-31.jpg\" alt=\"Hochzeitsportrait bei Kr\u00f6lpa\" width=\"2048\" height=\"1365\" \/><img loading=\"lazy\" class=\"pp-insert-all size-full aligncenter\" title=\"Hochzeit Schloss Brandenstein 32\" src=\"http:\/\/www.hochzeitsfotograf-saalfeld.de\/blog\/wp-content\/uploads\/2014\/09\/Hochzeit-Brandenstein-32.jpg\" alt=\"Saal auf Schloss Brandenstein\" width=\"2048\" height=\"1365\" \/><img loading=\"lazy\" class=\"pp-insert-all size-full aligncenter\" title=\"Hochzeit Schloss Brandenstein 33\" src=\"http:\/\/www.hochzeitsfotograf-saalfeld.de\/blog\/wp-content\/uploads\/2014\/09\/Hochzeit-Brandenstein-33.jpg\" alt=\"Herzgebaeck\" width=\"2048\" height=\"1365\" \/><img loading=\"lazy\" class=\"pp-insert-all size-full aligncenter\" title=\"Hochzeit Schloss Brandenstein 34\" src=\"http:\/\/www.hochzeitsfotograf-saalfeld.de\/blog\/wp-content\/uploads\/2014\/09\/Hochzeit-Brandenstein-34.jpg\" alt=\"Herzgeb\u00e4ck\" width=\"2048\" height=\"1365\" \/><img loading=\"lazy\" class=\"pp-insert-all size-full aligncenter\" title=\"Hochzeit Schloss Brandenstein 35\" src=\"http:\/\/www.hochzeitsfotograf-saalfeld.de\/blog\/wp-content\/uploads\/2014\/09\/Hochzeit-Brandenstein-35.jpg\" alt=\"Dekoration auf Schloss Brandenstein\" width=\"2048\" height=\"1365\" \/><img loading=\"lazy\" class=\"pp-insert-all size-full aligncenter\" title=\"Hochzeit Schloss Brandenstein 36\" src=\"http:\/\/www.hochzeitsfotograf-saalfeld.de\/blog\/wp-content\/uploads\/2014\/09\/Hochzeit-Brandenstein-36.jpg\" alt=\"Ankunft des LFC\" width=\"2048\" height=\"1365\" \/><img loading=\"lazy\" class=\"pp-insert-all size-full aligncenter\" title=\"Hochzeit Schloss Brandenstein 37\" src=\"http:\/\/www.hochzeitsfotograf-saalfeld.de\/blog\/wp-content\/uploads\/2014\/09\/Hochzeit-Brandenstein-37.jpg\" alt=\"Auftritt des LFC\" width=\"2048\" height=\"1365\" \/><img loading=\"lazy\" class=\"pp-insert-all size-full aligncenter\" title=\"Hochzeit Schloss Brandenstein 38\" src=\"http:\/\/www.hochzeitsfotograf-saalfeld.de\/blog\/wp-content\/uploads\/2014\/09\/Hochzeit-Brandenstein-38.jpg\" alt=\"kleine M\u00e4use aus Leutenberg\" width=\"2048\" height=\"1365\" \/><img loading=\"lazy\" class=\"pp-insert-all size-full aligncenter\" title=\"Hochzeit Schloss Brandenstein 39\" src=\"http:\/\/www.hochzeitsfotograf-saalfeld.de\/blog\/wp-content\/uploads\/2014\/09\/Hochzeit-Brandenstein-39.jpg\" alt=\"\u00dcberraschung des LFC\" width=\"2048\" height=\"1365\" \/><img loading=\"lazy\" class=\"pp-insert-all size-full aligncenter\" title=\"Hochzeit Schloss Brandenstein 40\" src=\"http:\/\/www.hochzeitsfotograf-saalfeld.de\/blog\/wp-content\/uploads\/2014\/09\/Hochzeit-Brandenstein-40.jpg\" alt=\"Portrait im Treppenhaus\" width=\"1024\" height=\"1536\" \/><img loading=\"lazy\" class=\"pp-insert-all size-full aligncenter\" title=\"Hochzeit Schloss Brandenstein 41\" src=\"http:\/\/www.hochzeitsfotograf-saalfeld.de\/blog\/wp-content\/uploads\/2014\/09\/Hochzeit-Brandenstein-41.jpg\" alt=\"Brautportrait im Gew\u00f6lbekeller\" width=\"1024\" height=\"1536\" \/><img loading=\"lazy\" class=\"pp-insert-all size-full aligncenter\" title=\"Hochzeit Schloss Brandenstein 42\" src=\"http:\/\/www.hochzeitsfotograf-saalfeld.de\/blog\/wp-content\/uploads\/2014\/09\/Hochzeit-Brandenstein-42.jpg\" alt=\"Gruppenbild\" width=\"2048\" height=\"1365\" \/><img loading=\"lazy\" class=\"pp-insert-all size-full aligncenter\" title=\"Hochzeit Schloss Brandenstein 43\" src=\"http:\/\/www.hochzeitsfotograf-saalfeld.de\/blog\/wp-content\/uploads\/2014\/09\/Hochzeit-Brandenstein-43.jpg\" alt=\"Braut mit Trauzeugin\" width=\"2048\" height=\"1365\" \/><img loading=\"lazy\" class=\"pp-insert-all size-full aligncenter\" title=\"Hochzeit Schloss Brandenstein 44\" src=\"http:\/\/www.hochzeitsfotograf-saalfeld.de\/blog\/wp-content\/uploads\/2014\/09\/Hochzeit-Brandenstein-44.jpg\" alt=\"Br\u00e4utigam, Trauzeuge und Bruder\" width=\"2048\" height=\"1365\" \/><img loading=\"lazy\" class=\"pp-insert-all size-full aligncenter\" title=\"Hochzeit Schloss Brandenstein 45\" src=\"http:\/\/www.hochzeitsfotograf-saalfeld.de\/blog\/wp-content\/uploads\/2014\/09\/Hochzeit-Brandenstein-45.jpg\" alt=\"wundersch\u00f6ne Braut\" width=\"2048\" height=\"1365\" \/><img loading=\"lazy\" class=\"pp-insert-all size-full aligncenter\" title=\"Hochzeit Schloss Brandenstein 46\" src=\"http:\/\/www.hochzeitsfotograf-saalfeld.de\/blog\/wp-content\/uploads\/2014\/09\/Hochzeit-Brandenstein-46.jpg\" alt=\"beste Freundinnen zur Hochzeit\" width=\"2048\" height=\"1365\" \/><img loading=\"lazy\" class=\"pp-insert-all size-full aligncenter\" title=\"Hochzeit Schloss Brandenstein 47\" src=\"http:\/\/www.hochzeitsfotograf-saalfeld.de\/blog\/wp-content\/uploads\/2014\/09\/Hochzeit-Brandenstein-47.jpg\" alt=\"\u00dcberraschung zur Hochzeit\" width=\"2048\" height=\"1365\" \/><img loading=\"lazy\" class=\"pp-insert-all size-full aligncenter\" title=\"Hochzeit Schloss Brandenstein 48\" src=\"http:\/\/www.hochzeitsfotograf-saalfeld.de\/blog\/wp-content\/uploads\/2014\/09\/Hochzeit-Brandenstein-48.jpg\" alt=\"Br\u00e4utigam mit Geschenk\" width=\"2048\" height=\"1365\" \/><img loading=\"lazy\" class=\"pp-insert-all size-full aligncenter\" title=\"Hochzeit Schloss Brandenstein 49\" src=\"http:\/\/www.hochzeitsfotograf-saalfeld.de\/blog\/wp-content\/uploads\/2014\/09\/Hochzeit-Brandenstein-49.jpg\" alt=\"Portrait im Treppenhaus\" width=\"2048\" height=\"1365\" \/><img loading=\"lazy\" class=\"pp-insert-all size-full aligncenter\" title=\"Hochzeit Schloss Brandenstein 50\" src=\"http:\/\/www.hochzeitsfotograf-saalfeld.de\/blog\/wp-content\/uploads\/2014\/09\/Hochzeit-Brandenstein-50.jpg\" alt=\"Catering Sinneslust\" width=\"2048\" height=\"1365\" \/><img loading=\"lazy\" class=\"pp-insert-all size-full aligncenter\" title=\"Hochzeit Schloss Brandenstein 51\" src=\"http:\/\/www.hochzeitsfotograf-saalfeld.de\/blog\/wp-content\/uploads\/2014\/09\/Hochzeit-Brandenstein-51.jpg\" alt=\"Catering Sinneslust\" width=\"2048\" height=\"1365\" \/><img loading=\"lazy\" class=\"pp-insert-all size-full aligncenter\" title=\"Hochzeit Schloss Brandenstein 52\" src=\"http:\/\/www.hochzeitsfotograf-saalfeld.de\/blog\/wp-content\/uploads\/2014\/09\/Hochzeit-Brandenstein-52.jpg\" alt=\"Catering Sinneslust\" width=\"2048\" height=\"1365\" \/><img loading=\"lazy\" class=\"pp-insert-all size-full aligncenter\" title=\"Hochzeit Schloss Brandenstein 53\" src=\"http:\/\/www.hochzeitsfotograf-saalfeld.de\/blog\/wp-content\/uploads\/2014\/09\/Hochzeit-Brandenstein-53.jpg\" alt=\"Catering Sinneslust\" width=\"1024\" height=\"1536\" \/><img loading=\"lazy\" class=\"pp-insert-all size-full aligncenter\" title=\"Hochzeit Schloss Brandenstein 54\" src=\"http:\/\/www.hochzeitsfotograf-saalfeld.de\/blog\/wp-content\/uploads\/2014\/09\/Hochzeit-Brandenstein-54.jpg\" alt=\"Bruderliebe zur Hochzeit\" width=\"2048\" height=\"1365\" \/><\/p>\n","protected":false},"excerpt":{"rendered":"<p>Hochzeit auf Schloss Brandenstein &#8211; Jede Hochzeit ist f\u00fcr mich immer etwas ganz besonderes und ich freue mich auf meine Paare, auf die G\u00e4ste und die tollen \u00dcberraschungen. An den Tag mit Friederike und Sebastian im Juli diesen Jahres auf Schloss Brandenstein werde ich mich noch sehr lange erinnern. Im Dezember kam es zu einem [&hellip;]<\/p>\n","protected":false},"author":1,"featured_media":2174,"comment_status":"open","ping_status":"open","sticky":false,"template":"","format":"standard","meta":[],"categories":[1,5],"tags":[11,3,4,12],"_links":{"self":[{"href":"http:\/\/www.hochzeitsfotograf-saalfeld.de\/blog\/wp-json\/wp\/v2\/posts\/1809"}],"collection":[{"href":"http:\/\/www.hochzeitsfotograf-saalfeld.de\/blog\/wp-json\/wp\/v2\/posts"}],"about":[{"href":"http:\/\/www.hochzeitsfotograf-saalfeld.de\/blog\/wp-json\/wp\/v2\/types\/post"}],"author":[{"embeddable":true,"href":"http:\/\/www.hochzeitsfotograf-saalfeld.de\/blog\/wp-json\/wp\/v2\/users\/1"}],"replies":[{"embeddable":true,"href":"http:\/\/www.hochzeitsfotograf-saalfeld.de\/blog\/wp-json\/wp\/v2\/comments?post=1809"}],"version-history":[{"count":11,"href":"http:\/\/www.hochzeitsfotograf-saalfeld.de\/blog\/wp-json\/wp\/v2\/posts\/1809\/revisions"}],"predecessor-version":[{"id":2246,"href":"http:\/\/www.hochzeitsfotograf-saalfeld.de\/blog\/wp-json\/wp\/v2\/posts\/1809\/revisions\/2246"}],"wp:featuredmedia":[{"embeddable":true,"href":"http:\/\/www.hochzeitsfotograf-saalfeld.de\/blog\/wp-json\/wp\/v2\/media\/2174"}],"wp:attachment":[{"href":"http:\/\/www.hochzeitsfotograf-saalfeld.de\/blog\/wp-json\/wp\/v2\/media?parent=1809"}],"wp:term":[{"taxonomy":"category","embeddable":true,"href":"http:\/\/www.hochzeitsfotograf-saalfeld.de\/blog\/wp-json\/wp\/v2\/categories?post=1809"},{"taxonomy":"post_tag","embeddable":true,"href":"http:\/\/www.hochzeitsfotograf-saalfeld.de\/blog\/wp-json\/wp\/v2\/tags?post=1809"}],"curies":[{"name":"wp","href":"https:\/\/api.w.org\/{rel}","templated":true}]}}